{"id":10542,"date":"2007-06-13T00:00:00","date_gmt":"2007-06-12T22:00:00","guid":{"rendered":"http:\/\/localhost\/ravnica\/2007\/06\/13\/pocela-realizacija-projekta-pokreni-promeni\/"},"modified":"2007-06-13T00:00:00","modified_gmt":"2007-06-12T22:00:00","slug":"pocela-realizacija-projekta-pokreni-promeni","status":"publish","type":"post","link":"https:\/\/ravnica.info\/arhiva\/?p=10542","title":{"rendered":"Po\u010dela realizacija projekta Pokreni\/Promeni"},"content":{"rendered":"<p style=\"text-align: justify;\"><strong>SOS telefon za \u017eene i decu \u017ertve nasilja iz Novog Sada  i Osnovna \u0161kola \u201cSvetozar Mileti\u0107\u201d krenuli su sa realizacijom projekta Pokreni\/Promeni.<\/strong><\/p>\n<p><!--more--><\/p>\n<div align=\"justify\">  <\/div>\n<div align=\"justify\">  <\/div>\n<div align=\"justify\">  <\/div>\n<p align=\"justify\" class=\"MsoNormal\"><font size=\"2\"><span style=\"font-family: Arial;\">\u00a0\u00a0\u00a0\u00a0\u00a0\u00a0\u00a0 Ciljna grupa ovog projekta su u\u010denici starijih razreda, ali i njihovi roditelji.<br \/>\n\u00a0\u00a0\u00a0\u00a0\u00a0\u00a0\u00a0 Sa u\u010denicima sedmih razreda ve\u0107 se radi putem radionica i ovaj na\u010din rada u\u010denici su veoma lepo prihvatili, isti\u010de Isidor Penov, apsolvent pedagogije, i jedan od autora projekta.<br \/>\n\u00a0\u00a0\u00a0\u00a0\u00a0\u00a0\u00a0 &#8211; Me\u0111u u\u010denicima starijih razreda radili smo upitnik kojim smo hteli da ispitamo stavove prema alkoholu, narkoticima i celokupan njihov do\u017eivljaj prema ovom problemu i mogu da ka\u017eem da su rezultati upitnika<span style=\"\">\u00a0 <\/span>zabrinjavaju\u0107i. Tokom projekta \u0107emo akcenat staviti na vr\u0161nja\u010dko nasilje, konzumiranje i prodaju alkohola kao i na nedostatak kvalitetnih van nastavnih aktivnosti i kori\u0161\u0107enje slobodnog vremena. Izuzetno je bitno, i to nam je cilj, da napravimo kvalitetnu mre\u017eu roditelja koja bi trebalo da pomogne da se otvoreno pri\u010da o problemima, ali i u njihovom razre\u0161avanju, isti\u010de Penov.<br \/>\n<\/span><\/font><font size=\"2\"><span style=\"font-family: Arial;\"><img loading=\"lazy\" decoding=\"async\" width=\"288\" height=\"216\" align=\"left\" src=\"\/UserFiles\/Image\/Jun2007vesti\/Biljana-Rakic-Ljubisava-Gla.jpg\" alt=\"\" \/><\/span><\/font><font size=\"2\"><span style=\"font-family: Arial;\">\u00a0\u00a0\u00a0\u00a0\u00a0\u00a0\u00a0 U okviru projekta Pokreni\/Promeni odr\u017eana je tribina na temu vr\u0161nja\u010dkog nasilja &#8211; trajnog prisustva antisocijalnog i agresivno &#8211; nasilni\u010dkog pona\u0161anja, a govorile su Biljana Raki\u0107 iz SOS telefona za \u017eene i decu \u017ertve nasilja i Ljubisava Glava\u0161ki, pedagog u O\u0160 \u00bb\u0110ura Jak\u0161i\u0107\u00ab iz Novog Sada u kojoj se ve\u0107 tri godine realizuje projekat \u00bb\u0160kola bez nasilja\u00ab, a iza koga stoji i UNICEF.<br \/>\n\u00a0\u00a0\u00a0\u00a0\u00a0\u00a0\u00a0 <\/span><\/font><font size=\"2\"><span style=\"font-size: 10pt; font-family: Arial;\">&#8211; Osnovna \u0161kola je pravo vreme da se deca edukuju da ne bi bila nasilna i agresivna, a vr\u0161nja\u010dko nasilje je posledica drugih vrsta nasilja, naglasila je Biljana Raki\u0107 isti\u010du\u0107i da se mora demistifikovati psiholo\u0161ko-pedago\u0161ka slu\u017eba koja se <span style=\"\"><\/span>mora do\u017eivljavati kao mesto za pomo\u0107, a ne kaznu. &#8211; Projekat \u00bb\u0160kola bez nasilja\u00ab, nakon istra\u017eivanja kojim je bilo obuhva\u0107eno 900 u\u010denika, podrazumevao je rad sa decom i roditeljima, ali i detaljnu obuku svih zaposlenih od \u010dista\u010dice do direktora. O efektima projekta jo\u0161 se ne mo\u017ee govoriti, istakla je Ljubisava Glava\u0161ki.<\/span><\/font><\/p>\n<p><strong>Autor:<\/strong> Du\u0161anka Buva\u010d<br \/>\n<strong>Datum:<\/strong> 13, 06, 2007.<\/p>\n","protected":false},"excerpt":{"rendered":"<p>SOS telefon za \u017eene i decu \u017ertve nasilja iz Novog Sada  i Osnovna \u0161kola \u201cSvetozar Mileti\u0107\u201d krenuli su sa realizacijom projekta Pokreni\/Promeni.<\/p>\n","protected":false},"author":1,"featured_media":0,"comment_status":"open","ping_status":"open","sticky":false,"template":"","format":"standard","meta":{"footnotes":""},"categories":[1],"tags":[],"class_list":["post-10542","post","type-post","status-publish","format-standard","hentry","category-nekategorizovano"],"_links":{"self":[{"href":"https:\/\/ravnica.info\/arhiva\/index.php?rest_route=\/wp\/v2\/posts\/10542","targetHints":{"allow":["GET"]}}],"collection":[{"href":"https:\/\/ravnica.info\/arhiva\/index.php?rest_route=\/wp\/v2\/posts"}],"about":[{"href":"https:\/\/ravnica.info\/arhiva\/index.php?rest_route=\/wp\/v2\/types\/post"}],"author":[{"embeddable":true,"href":"https:\/\/ravnica.info\/arhiva\/index.php?rest_route=\/wp\/v2\/users\/1"}],"replies":[{"embeddable":true,"href":"https:\/\/ravnica.info\/arhiva\/index.php?rest_route=%2Fwp%2Fv2%2Fcomments&post=10542"}],"version-history":[{"count":0,"href":"https:\/\/ravnica.info\/arhiva\/index.php?rest_route=\/wp\/v2\/posts\/10542\/revisions"}],"wp:attachment":[{"href":"https:\/\/ravnica.info\/arhiva\/index.php?rest_route=%2Fwp%2Fv2%2Fmedia&parent=10542"}],"wp:term":[{"taxonomy":"category","embeddable":true,"href":"https:\/\/ravnica.info\/arhiva\/index.php?rest_route=%2Fwp%2Fv2%2Fcategories&post=10542"},{"taxonomy":"post_tag","embeddable":true,"href":"https:\/\/ravnica.info\/arhiva\/index.php?rest_route=%2Fwp%2Fv2%2Ftags&post=10542"}],"curies":[{"name":"wp","href":"https:\/\/api.w.org\/{rel}","templated":true}]}}