{"id":10540,"date":"2007-06-11T00:00:00","date_gmt":"2007-06-10T22:00:00","guid":{"rendered":"http:\/\/localhost\/ravnica\/2007\/06\/11\/uz-mladost-i-lepotu-ide-i-znanje\/"},"modified":"2007-06-11T00:00:00","modified_gmt":"2007-06-10T22:00:00","slug":"uz-mladost-i-lepotu-ide-i-znanje","status":"publish","type":"post","link":"https:\/\/ravnica.info\/arhiva\/?p=10540","title":{"rendered":"Uz mladost i lepotu ide i znanje"},"content":{"rendered":"<p style=\"text-align: justify;\"><strong>Dodeljene nagrade i priznanja najboljim osmacima O\u0160 &#8222;Isidora Sekuli\u0107&#8220; u \u0160ajka\u0161u i Mo\u0161orinu<\/strong><\/p>\n<p><!--more--><\/p>\n<div align=\"justify\">\n\tProtekle subote u holu Osnovne \u0161kole \u2018\u2019Isidora Sekuli\u0107\u2019\u2019 u \u0160ajka\u0161u odr\u017eana je sve\u010danost na kojoj su glavne zvezde bili u\u010denici osmih razreda iz \u0160ajka\u0161a i Mo\u0161orina. Bila je to prava revija mladosti i lepote uz koje sve vi\u0161e ide i znanje. Prepuno gledali\u0161te odu\u0161evljeno je pozdravljalo osmake \u0161ajka\u0161ke i mo\u0161orinske \u0161kole koji su u sve\u010danim odelima defilovali kroz hol, da bi najboljima bile uru\u010dene nagrade i priznanja. Uz \u0161kolu, nagrade za najbolje u\u010denike obezbedile su Mesne zajednice iz Mo\u0161orina i \u0160ajka\u0161a, Menja\u010dnica \u2018\u2019Ris\u2019\u2019 i Apoteka \u2018\u2019Iris farm\u2019\u2019.<br \/>\n\t<span style=\"\">\u00a0\u00a0\u00a0\u00a0\u00a0\u00a0\u00a0 <\/span>Najbolji u\u010denik ove generacije zavr\u0161nih razreda iz \u0160ajka\u0161a je Filip Frank, a iz Mo\u0161orina to priznanje je dobila Radmila Radoni\u0107. Nosioci Vukove diplome iz \u0160ajka\u0161a, uz Filipa, su Slavica Kova\u010devi\u0107 i Nada Ignji\u0107. Vukovci iz Mo\u0161orina, uz Radmilu, su Milisav \u017divkovi\u0107 te sestre bliznakinje Ru\u017eica i Slavica Raki\u0107. Uz pomenute u\u010denike, me\u0111u odlika\u0161ima su jo\u0161 Ana Bagi\u0107, Tanja Kne\u017eevi\u0107, Sne\u017eana Milinov, Aleksandar Radi\u0107, Aleksandar Geli\u0107, Sr\u0111an Geli\u0107, Milica Geli\u0107 i Stefan Kne\u017ei\u0107 iz \u0160ajka\u0161a. Mo\u0161orinski odlika\u0161i su jo\u0161 Ru\u017eica Isakov, Radmila Radosavljev, Miroslava Ba\u010dkali\u0107, Dejan Stankovi\u0107 i Jelena Mad\u017ear. Treba jo\u0161 spomenuti da je na republi\u010dkom takmi\u010denju iz geografije u\u010destvovao Mo\u0161orinac, Jovan Petrovi\u0107. I \u0160ajka\u0161ani najvi\u0161e u\u010de geografiju iz koje su na republi\u010dkom takmi\u010denju u Jagodini u\u010destvovali Nada Ignji\u0107 i Filip Frank, dok je iz biologije \u0161kolu predstavljao Sr\u0111an Geli\u0107.<o:p><\/o:p><\/p>\n<p align=\"justify\" class=\"MsoNormal\" style=\"text-align: justify;\">\n\t\t\u00a0<\/p>\n<p align=\"justify\" class=\"MsoNormal\" style=\"text-align: justify;\">\n\t\t<strong style=\"font-family: Arial; font-size: 10pt; \">Radmila Radoni\u0107<\/strong><span style=\"font-family: Arial; font-size: 10pt; \">, u\u010denica generacije u Mo\u0161orinu<\/span><\/p>\n<p align=\"justify\" class=\"MsoNormal\" style=\"text-align: justify;\">\n\t\t\u00a0<\/p>\n<p align=\"justify\" class=\"MsoNormal\" style=\"text-align: justify;\">\n\t\t<span style=\"font-family: Arial; font-size: 10pt; \">CILJ FARMACIJA ILI MEDICINA<\/span><\/p>\n<p align=\"justify\" class=\"MsoNormal\" style=\"text-align: justify;\">\n\t\t<span style=\"font-family: Arial; font-size: 10pt; \"><br \/>\n\t\t<\/span><\/p>\n<p>\t<img loading=\"lazy\" decoding=\"async\" align=\"left\" alt=\"\" height=\"222\" hspace=\"6\" src=\"\/UserFiles\/Image\/Jun2007vesti\/Radmila-Radonic.jpg\" style=\"font-family: Arial; font-size: 13px; \" vspace=\"6\" width=\"167\" \/><\/p>\n<p align=\"justify\" class=\"MsoNormal\" style=\"text-align: justify;\">\n\t\t<span style=\"font-family: Arial; font-size: 10pt; \">\u00a0 \u00a0 \u00a0 \u00a0 Najbolja u\u010denica zavr\u0161nih razreda u Mo\u0161orinu je Radmila Radoni\u0107. Najvi\u0161e voli srpski jezik i knji\u017eevnost, a ni ostali predmeti joj nisu bili te\u0161ki. Rastanak sa osnovnom \u0161kolom i dru\u0161tvom te\u0161ko joj pada, ali je svesna da je i to deo \u017eivotne svakodnevice.<\/span><\/p>\n<p align=\"justify\" class=\"MsoNormal\" style=\"text-align: justify;\">\n\t\t<span style=\"font-family: Arial; font-size: 10pt; \">-Upisa\u0107u gimnaziju, a kasnije \u0107u na farmaciju ili medicinu \u2013 odlu\u010dna je Radmila.<\/span><\/p>\n<p align=\"justify\" class=\"MsoNormal\" style=\"text-align: justify;\">\n\t\t\u00a0<\/p>\n<p align=\"justify\" class=\"MsoNormal\" style=\"text-align: justify;\">\n\t\t<strong style=\"text-align: right; font-family: Arial; font-size: 10pt; \">Filip Frank<\/strong><span style=\"text-align: right; font-family: Arial; font-size: 10pt; \">, u\u010denik generacije u \u0160ajka\u0161u<\/span><\/p>\n<p align=\"justify\" class=\"MsoNormal\" style=\"text-align: justify;\">\n\t\t\u00a0<\/p>\n<p align=\"justify\" class=\"MsoNormal\" style=\"text-align: justify;\">\n\t\t<span style=\"font-size: small; text-align: right; \">ODLUKA TEK POSLE GIMNAZIJE<\/span><\/p>\n<p align=\"right\" class=\"MsoNormal\" style=\"text-align: right\">\n\t\t<font size=\"2\"><span style=\"font-size: 10pt; font-family: Arial;\"><span style=\"\"><img loading=\"lazy\" decoding=\"async\" align=\"right\" alt=\"\" height=\"208\" hspace=\"6\" src=\"\/UserFiles\/Image\/Jun2007vesti\/Filip-Frank.jpg\" vspace=\"6\" width=\"155\" \/><\/span><\/span><\/font><\/p>\n<p align=\"justify\" class=\"MsoNormal\" style=\"text-align: justify;\">\n\t\t<font size=\"2\"><span style=\"font-size: 10pt; font-family: Arial;\"><span style=\"\">\u00a0\u00a0\u00a0\u00a0\u00a0\u00a0\u00a0\u00a0\u00a0\u00a0 <\/span>Filip Frank je progla\u0161en za najboljeg u\u010denika ove generacije zavr\u0161nih razreda u \u0160ajka\u0161u. Voli istoriju i geografiju, a najte\u017ea mu je matematika. \u017deli da upi\u0161e Isidorinu gimnaziju pa mu ostaju jo\u0161 \u010detiri godine da razmi\u0161lja \u010dime \u0107e da se bavi kad odraste. <o:p><\/o:p><\/span><\/font><\/p>\n<div align=\"justify\">\n\t\t<span style=\"font-family: Arial; font-size: 10pt; \">\u00a0 \u00a0 \u00a0 \u00a0 \u00a0<\/span><span style=\"font-family: Arial; font-size: 10pt; \">-Te\u0161ko mi je sada kad napu\u0161tam osnovnu \u0161kolu u kojoj sam proveo osam godina i stekao mnogo dobrih drugara. Ali vi\u0111a\u0107emo se mi i dalje, a mo\u017eda \u0107u sa nekima i u gimnaziju \u2013 ka\u017ee sa nostalgijom Filip.<\/span><\/div>\n<\/div>\n<p><strong>Autor:<\/strong> Nikola D. Turajli\u0107<br \/>\n<strong>Datum:<\/strong> 11, 06, 2007.<\/p>\n","protected":false},"excerpt":{"rendered":"<p>Dodeljene nagrade i priznanja najboljim osmacima O\u0160 &#8222;Isidora Sekuli\u0107&#8220; u \u0160ajka\u0161u i Mo\u0161orinu<\/p>\n","protected":false},"author":1,"featured_media":0,"comment_status":"open","ping_status":"open","sticky":false,"template":"","format":"standard","meta":{"footnotes":""},"categories":[1],"tags":[],"class_list":["post-10540","post","type-post","status-publish","format-standard","hentry","category-nekategorizovano"],"_links":{"self":[{"href":"https:\/\/ravnica.info\/arhiva\/index.php?rest_route=\/wp\/v2\/posts\/10540","targetHints":{"allow":["GET"]}}],"collection":[{"href":"https:\/\/ravnica.info\/arhiva\/index.php?rest_route=\/wp\/v2\/posts"}],"about":[{"href":"https:\/\/ravnica.info\/arhiva\/index.php?rest_route=\/wp\/v2\/types\/post"}],"author":[{"embeddable":true,"href":"https:\/\/ravnica.info\/arhiva\/index.php?rest_route=\/wp\/v2\/users\/1"}],"replies":[{"embeddable":true,"href":"https:\/\/ravnica.info\/arhiva\/index.php?rest_route=%2Fwp%2Fv2%2Fcomments&post=10540"}],"version-history":[{"count":0,"href":"https:\/\/ravnica.info\/arhiva\/index.php?rest_route=\/wp\/v2\/posts\/10540\/revisions"}],"wp:attachment":[{"href":"https:\/\/ravnica.info\/arhiva\/index.php?rest_route=%2Fwp%2Fv2%2Fmedia&parent=10540"}],"wp:term":[{"taxonomy":"category","embeddable":true,"href":"https:\/\/ravnica.info\/arhiva\/index.php?rest_route=%2Fwp%2Fv2%2Fcategories&post=10540"},{"taxonomy":"post_tag","embeddable":true,"href":"https:\/\/ravnica.info\/arhiva\/index.php?rest_route=%2Fwp%2Fv2%2Ftags&post=10540"}],"curies":[{"name":"wp","href":"https:\/\/api.w.org\/{rel}","templated":true}]}}