{"id":10538,"date":"2007-06-11T00:00:00","date_gmt":"2007-06-10T22:00:00","guid":{"rendered":"http:\/\/localhost\/ravnica\/2007\/06\/11\/direktne-stete-od-grada-185-miliona-dinara\/"},"modified":"2007-06-11T00:00:00","modified_gmt":"2007-06-10T22:00:00","slug":"direktne-stete-od-grada-185-miliona-dinara","status":"publish","type":"post","link":"https:\/\/ravnica.info\/arhiva\/?p=10538","title":{"rendered":"Direktne \u0161tete od grada 185 miliona dinara"},"content":{"rendered":"<p style=\"text-align: justify;\"><strong>Jedna od najnerazvijenijih op\u0161tina u Vojvodini imala je tu nesre\u0107u da ovog prole\u0107a u dva navrata bude pogo\u0111ena gradom.<\/strong><\/p>\n<p><!--more--><\/p>\n<div align=\"justify\">  <\/div>\n<div align=\"justify\">  <\/div>\n<div align=\"justify\">  <\/div>\n<div align=\"justify\">  <\/div>\n<p align=\"justify\" class=\"MsoNormal\"><font size=\"2\"><span style=\"font-family: Arial;\">\u00a0\u00a0\u00a0\u00a0\u00a0\u00a0\u00a0 Prvi put grad je pogodio naj\u017ee\u0161\u0107e Gardinovce, ali i Lok, \u0160ajka\u0161, Vilovo i Titel, dok u Mo\u0161orinu nije pala ni kap ki\u0161e. Posle nekoliko dana olujno nevreme pra\u0107eno gradom i jakom ki\u0161om (kada je za pola sata palo 86 litara po kvadratu) nanelo je velike \u0161tete Mo\u0161orinu, \u0160ajka\u0161u i Vilovu.<br \/>\n\u00a0\u00a0\u00a0\u00a0\u00a0\u00a0\u00a0 Odmah posle nevremena o\u0161te\u0107eni poljoprivrednici su prijavljivali \u0161tete po mesnim zajednicama. Prijavilo se preko 550 poljoprivrednika kojima je u manjem ili ve\u0107em procentu nevreme nanelo \u0161tete na usevima. Komisija je obi\u0161la teren i utvrdila<span style=\"\">\u00a0 <\/span>te\u0161ko stanje pa su odbornici SO Titel jednoglasno doneli odluku<span style=\"\">\u00a0 <\/span>o progla\u0161enju elementarne nepogode. U obrazlo\u017eenju Odluke<span style=\"\">\u00a0 <\/span>se navodi da je \u00bbgrad zahvatio poljoprivredne useve na 6.474 hektara u visini od preko 50% planiranih prinosa u proseku \u010dime je izazvana direktna \u0161teta od oko 185 miliona dinara, \u0161to predstavlja 20% ostvarenog nacionalnog dohotka u op\u0161tini u 2005. godini\u00ab.<br \/>\n\u00a0\u00a0\u00a0\u00a0\u00a0\u00a0\u00a0 Vladi i resornim ministarstvima se, izme\u0111u ostalog, predla\u017ee da odobri jednokratnu nov\u010danu pomo\u0107 najmanje u visini 100% od od procenjene \u0161tete, da utvrdi olak\u0161ice u vidu umanjenja katastarskog prihoda na razrez poreza od poljoprivrede i \u0161umarstva u ovoj godini, oslobodi pla\u0107anja naknade za odvodnjavanje za 2007. godinu, da se odobri reprogramiranje dospelih obaveza kod Direkcije za robne rezerve i predlo\u017ei ista mera prema proizvo\u0111a\u010dima primarnih poljoprivrednih proizvoda, te da se obezbede povoljniji uslovi za jesenju setvu.<br \/>\n\u00a0\u00a0\u00a0\u00a0\u00a0\u00a0\u00a0 &#8211; Odluku smo uputili predsedniku i potpredsedniku Vlade Republike Srbije, ministrima poljoprivrede<span style=\"\"> <\/span>i finansija, predsedniku Izvr\u0161nog ve\u0107a Vojvodine, pokrajinskom sekretaru za poljoprivredu, \u0161umarstvo i vodoprivredu, kao i Direkciji za robne rezerve. I pored najbolje volje, mi iz op\u0161tinskog bud\u017eeta ne mo\u017eemo pomo\u0107i poljoprivrednicima, tvrdi Milan Nastasi\u0107, predsednik SO Titel.<br \/>\n\u00a0\u00a0\u00a0\u00a0\u00a0\u00a0\u00a0 U Poljoprivrednom preduze\u0107u \u00bbTitel\u00ab o\u0161te\u0107eno je preko 1000 hektara, a samo u Gardinovcima 514 hektara je sa procentom o\u0161te\u0107enja od 80%. Dragan Stoj\u010di\u0107, tehnolog, ka\u017ee da na ovim povr\u0161inama jo\u0161 uvek ni\u0161ta nisu radili, jer se stavlja na papir \u0161ta<span style=\"\">\u00a0 <\/span>je najekonomi\u010dnije. Naravno, sve njihove povr\u0161ine su osigurane. Slobodan Simi\u0107 iz Gardinovaca ka\u017ee da<span style=\"\">\u00a0 <\/span>je bostan ponovo sadio. &#8211; Kasni\u0107e, ali bar da imam neki prinos sa te povr\u0161ine. I ostali<span style=\"\">\u00a0 <\/span>poljoprivrednici, pogotovo u Gardinovcima, su presejavali dobar broj njiva. Uglavnom su sejani kukuruzi kratke vegetacije. Me\u0111utim, grad je bio velika opomena paorima, pa je broj osiguranih od ovih \u0161teta ve\u0107i i za 30% tvrde u osiguravaju\u0107im dru\u0161tvima.<br \/>\n\u00a0\u00a0\u00a0\u00a0\u00a0\u00a0\u00a0 <\/span><\/font><font size=\"2\"><span style=\"font-size: 10pt; font-family: Arial;\">Po\u0161to je bilo o\u0161te\u0107enja i na gra\u0111evinskim objektima formirane su komisije koje \u0107e utvrditi i ove \u0161tete.<\/span><\/font><\/p>\n<p><strong>Autor:<\/strong> Du\u0161anka Buva\u010d<br \/>\n<strong>Datum:<\/strong> 11, 06, 2007.<\/p>\n","protected":false},"excerpt":{"rendered":"<p>Jedna od najnerazvijenijih op\u0161tina u Vojvodini imala je tu nesre\u0107u da ovog prole\u0107a u dva navrata bude pogo\u0111ena gradom.<\/p>\n","protected":false},"author":1,"featured_media":0,"comment_status":"open","ping_status":"open","sticky":false,"template":"","format":"standard","meta":{"footnotes":""},"categories":[1],"tags":[],"class_list":["post-10538","post","type-post","status-publish","format-standard","hentry","category-nekategorizovano"],"_links":{"self":[{"href":"https:\/\/ravnica.info\/arhiva\/index.php?rest_route=\/wp\/v2\/posts\/10538","targetHints":{"allow":["GET"]}}],"collection":[{"href":"https:\/\/ravnica.info\/arhiva\/index.php?rest_route=\/wp\/v2\/posts"}],"about":[{"href":"https:\/\/ravnica.info\/arhiva\/index.php?rest_route=\/wp\/v2\/types\/post"}],"author":[{"embeddable":true,"href":"https:\/\/ravnica.info\/arhiva\/index.php?rest_route=\/wp\/v2\/users\/1"}],"replies":[{"embeddable":true,"href":"https:\/\/ravnica.info\/arhiva\/index.php?rest_route=%2Fwp%2Fv2%2Fcomments&post=10538"}],"version-history":[{"count":0,"href":"https:\/\/ravnica.info\/arhiva\/index.php?rest_route=\/wp\/v2\/posts\/10538\/revisions"}],"wp:attachment":[{"href":"https:\/\/ravnica.info\/arhiva\/index.php?rest_route=%2Fwp%2Fv2%2Fmedia&parent=10538"}],"wp:term":[{"taxonomy":"category","embeddable":true,"href":"https:\/\/ravnica.info\/arhiva\/index.php?rest_route=%2Fwp%2Fv2%2Fcategories&post=10538"},{"taxonomy":"post_tag","embeddable":true,"href":"https:\/\/ravnica.info\/arhiva\/index.php?rest_route=%2Fwp%2Fv2%2Ftags&post=10538"}],"curies":[{"name":"wp","href":"https:\/\/api.w.org\/{rel}","templated":true}]}}