{"id":10531,"date":"2007-06-06T00:00:00","date_gmt":"2007-06-05T22:00:00","guid":{"rendered":"http:\/\/localhost\/ravnica\/2007\/06\/06\/povezati-mesta-bitna-za-nauticki-turizam\/"},"modified":"2007-06-06T00:00:00","modified_gmt":"2007-06-05T22:00:00","slug":"povezati-mesta-bitna-za-nauticki-turizam","status":"publish","type":"post","link":"https:\/\/ravnica.info\/arhiva\/?p=10531","title":{"rendered":"Povezati mesta bitna za nauti\u010dki turizam"},"content":{"rendered":"<p style=\"text-align: justify;\"><strong>U cilju ponovnog o\u017eivljavanja regate koja bi povezivala mesta bitna za nauti\u010dki turizam &#8222;Dunavski propeler&#8220; iz Beograda i op\u0161tina Titel organizovali su regatu od Beograda do Titela Dunavom i Tisom.<\/strong><\/p>\n<p><!--more--><\/p>\n<div align=\"justify\">  <\/div>\n<div align=\"justify\">  <\/div>\n<div align=\"justify\">  <\/div>\n<div align=\"justify\">  <\/div>\n<p align=\"center\" class=\"MsoNormal\"><font size=\"2\"><span style=\"font-family: Arial;\"><img loading=\"lazy\" decoding=\"async\" width=\"420\" height=\"315\" align=\"middle\" src=\"\/UserFiles\/Image\/Jun2007vesti\/Pripreme-za-polazak.jpg\" alt=\"\" \/><\/span><\/font><\/p>\n<p align=\"justify\" class=\"MsoNormal\"><font size=\"2\"><span style=\"font-family: Arial;\">\u00a0 \u00a0 \u00a0 \u00a0\u00a0 \u00a0\u00a0\u00a0\u00a0\u00a0\u00a0 U\u010desnici regate prepuni utisaka vratili su se ku\u0107i, ali im je \u017eao \u0161to mnogi njihovi drugari zbog obele\u017eavanja mature nisu bili s njima.<br \/>\n<\/span><\/font><font size=\"2\"><span style=\"font-family: Arial;\"><img loading=\"lazy\" decoding=\"async\" width=\"248\" height=\"186\" align=\"left\" src=\"\/UserFiles\/Image\/Jun2007vesti\/na-brodu-Old-Boys.jpg\" alt=\"\" \/><\/span><\/font><font size=\"2\"><span style=\"font-family: Arial;\">\u00a0\u00a0\u00a0\u00a0\u00a0\u00a0\u00a0 &#8211; Mi smo organizacija u koju su okupljeni ljubitelji Dunava i Save, a na ideju za ovu regatu do\u0161li smo na Sajmu nautike gde smo se upoznali i sa Projektom ure\u0111enja priobalja Tise kod Titela, pri\u010da Sa\u0161a Slijep\u010devi\u0107, \u010dlan &#8222;Dunavskog propelera&#8220;.<\/span><\/font><\/p>\n<p align=\"justify\" class=\"MsoNormal\"><font size=\"2\"><span style=\"font-family: Arial;\">\u00a0\u00a0\u00a0\u00a0\u00a0\u00a0\u00a0 Kosana Ro\u0161ulj, arhitekta, jedan od autora Projekta ure\u0111enja priobalja odu\u0161evljena je novim susretom<span style=\"\"> <\/span>sa Titelom sa reke. Titel je fantasti\u010dan turisti\u010dki potencijal, gradi\u0107 koji ima du\u0161u, i \u0161to bi rekli, bogom dan za ovaj vid turizma.<br \/>\n<\/span><\/font><font size=\"2\"><span style=\"font-family: Arial;\"><img loading=\"lazy\" decoding=\"async\" width=\"244\" height=\"182\" align=\"right\" src=\"\/UserFiles\/Image\/Jun2007vesti\/etno-kuca-bogojevic.jpg\" alt=\"\" \/><\/span><\/font><font size=\"2\"><span style=\"font-family: Arial;\">\u00a0\u00a0\u00a0\u00a0\u00a0\u00a0\u00a0 &#8211; Put rekom je mirno \u017eivopisan sa divnom listopadnom vegetacijom. Smenjuju se pejsa\u017ei, ade sa urbanim sredinama sa dominantnim crkvama oko koje su na\u010di\u010dkane ku\u0107e. O\u010dekivali smo ve\u0107u frekvenciju saobra\u0107aja na reci, a to je dokaz, na\u017ealost, da se ne koristi snaga i prednost vode, pri\u010da svoje utiske Merima Rankovi\u0107, urednik u NIN-u. Miodrag \u010ci\u010dkovi\u0107 tvrdi da je Titel izuzetno, vrlo atraktivno mesto za rekonstrukciju starih zdanja.<br \/>\n\u00a0\u00a0\u00a0\u00a0\u00a0\u00a0\u00a0 Gosti su bili na Titelskom bregu, odu\u0161evljeni neverovatnim pogledom, obi\u0161li etno ku\u0107u &#8222;Bogojevi\u0107&#8220; iz koje nose nezaboravne utiske, ali i doma\u0107i rakiju, likere i odli\u010dne tre\u0161nje.<\/span><\/font><\/p>\n<div align=\"center\"><font size=\"2\"><span style=\"font-family: Arial;\"><img loading=\"lazy\" decoding=\"async\" width=\"420\" height=\"315\" align=\"middle\" src=\"\/UserFiles\/Image\/Jun2007vesti\/domace-tresnje-likeri-rakij.jpg\" alt=\"\" \/><\/span><\/font><font size=\"2\"><span style=\"font-size: 10pt; font-family: Arial;\"><\/span><\/font><br \/>\n<font size=\"2\"><span style=\"font-size: 10pt; font-family: Arial;\"><\/span><\/font><\/div>\n<p align=\"justify\" class=\"MsoNormal\"><font size=\"2\"><span style=\"font-size: 10pt; font-family: Arial;\">\u00a0\u00a0\u00a0\u00a0\u00a0\u00a0\u00a0 U jednom su se slo\u017eili gosti i doma\u0107ini. Srbiji je pripala \u010dast da 2009. bude doma\u0107in Svetske konferencije kanala, i ova regata je deo priprema za taj doga\u0111aj.<\/span><\/font><\/p>\n<p><strong>Autor:<\/strong> Du\u0161anka Buva\u010d<br \/>\n<strong>Datum:<\/strong> 06, 06, 2007.<\/p>\n","protected":false},"excerpt":{"rendered":"<p>U cilju ponovnog o\u017eivljavanja regate koja bi povezivala mesta bitna za nauti\u010dki turizam &#8222;Dunavski propeler&#8220; iz Beograda i op\u0161tina Titel organizovali su regatu od Beograda do Titela Dunavom i Tisom.<\/p>\n","protected":false},"author":1,"featured_media":0,"comment_status":"open","ping_status":"open","sticky":false,"template":"","format":"standard","meta":{"footnotes":""},"categories":[1],"tags":[],"class_list":["post-10531","post","type-post","status-publish","format-standard","hentry","category-nekategorizovano"],"_links":{"self":[{"href":"https:\/\/ravnica.info\/arhiva\/index.php?rest_route=\/wp\/v2\/posts\/10531","targetHints":{"allow":["GET"]}}],"collection":[{"href":"https:\/\/ravnica.info\/arhiva\/index.php?rest_route=\/wp\/v2\/posts"}],"about":[{"href":"https:\/\/ravnica.info\/arhiva\/index.php?rest_route=\/wp\/v2\/types\/post"}],"author":[{"embeddable":true,"href":"https:\/\/ravnica.info\/arhiva\/index.php?rest_route=\/wp\/v2\/users\/1"}],"replies":[{"embeddable":true,"href":"https:\/\/ravnica.info\/arhiva\/index.php?rest_route=%2Fwp%2Fv2%2Fcomments&post=10531"}],"version-history":[{"count":0,"href":"https:\/\/ravnica.info\/arhiva\/index.php?rest_route=\/wp\/v2\/posts\/10531\/revisions"}],"wp:attachment":[{"href":"https:\/\/ravnica.info\/arhiva\/index.php?rest_route=%2Fwp%2Fv2%2Fmedia&parent=10531"}],"wp:term":[{"taxonomy":"category","embeddable":true,"href":"https:\/\/ravnica.info\/arhiva\/index.php?rest_route=%2Fwp%2Fv2%2Fcategories&post=10531"},{"taxonomy":"post_tag","embeddable":true,"href":"https:\/\/ravnica.info\/arhiva\/index.php?rest_route=%2Fwp%2Fv2%2Ftags&post=10531"}],"curies":[{"name":"wp","href":"https:\/\/api.w.org\/{rel}","templated":true}]}}