{"id":10527,"date":"2007-06-04T00:00:00","date_gmt":"2007-06-03T22:00:00","guid":{"rendered":"http:\/\/localhost\/ravnica\/2007\/06\/04\/posle-60-godina-ponovo-se-vencali\/"},"modified":"2007-06-04T00:00:00","modified_gmt":"2007-06-03T22:00:00","slug":"posle-60-godina-ponovo-se-vencali","status":"publish","type":"post","link":"https:\/\/ravnica.info\/arhiva\/?p=10527","title":{"rendered":"Posle 60 godina ponovo se ven\u010dali"},"content":{"rendered":"<p style=\"text-align: justify;\"><strong>Posle dvogodi\u0161njeg zabavljanja, Piro\u0161ka i Ferenc Si\u010d, ven\u010dali su se na Duhove 1947. godine.<\/strong><\/p>\n<p><!--more--><\/p>\n<div align=\"center\"><font size=\"2\"><span style=\"font-family: Arial;\"><img loading=\"lazy\" decoding=\"async\" width=\"420\" height=\"315\" align=\"middle\" src=\"\/UserFiles\/Image\/Jun2007vesti\/sicovi-sa-unukom-na-svadbi.jpg\" alt=\"\" \/><br \/>\n<\/span><\/font><\/div>\n<div><font size=\"2\"><span style=\"font-family: Arial;\"><\/span><\/font><\/div>\n<p align=\"justify\" class=\"MsoNormal\"><font size=\"2\"><span style=\"font-family: Arial;\">Nakon 60 godina braka ponovo su se ven\u010dali 2. juna u rimokatoli\u010dkoj crkvi.<o:p><\/o:p><\/span><\/font><\/p>\n<div align=\"justify\">  <\/div>\n<p align=\"justify\" class=\"MsoNormal\"><font size=\"2\"><span style=\"font-family: Arial;\">Krepki 85-godi\u0161nji Ferika sa ponosom pri\u010da da je njegova Piro\u0161ka imala samo 17 godina kada se udala i da je morala imati posebnu dozvolu.<o:p><\/o:p><\/span><\/font><\/p>\n<div align=\"justify\">  <\/div>\n<p align=\"justify\" class=\"MsoNormal\"><font size=\"2\"><span style=\"font-family: Arial;\">Radio je celi radni vek u &#8222;Mostogradnji&#8220; koja je osnovana u Titelu, i celi radni vek je proveo rade\u0107i kao terenac. &#8211; Za to vreme ja sam se brinula o sinu i \u0107erki, Ferencovim roditeljima, mojoj majci, o kompletnom doma\u0107instvu kada su uslovi bili te\u0161ki, ali sam bila mlada pa sam to sve uspevala uraditi, pri\u010da Piro\u0161ka. &#8211; Nije joj bilo lako, naprotiv, ali je to ona stoji\u010dki podnosila, s ponosom i puno ljubavi, pri\u010da Ferenc Si\u010d.<o:p><\/o:p><\/span><\/font><\/p>\n<div align=\"justify\">  <\/div>\n<p align=\"justify\" class=\"MsoNormal\"><font size=\"2\"><span style=\"font-family: Arial;\">Imaju sina i k\u0107erku koji \u017eive i Be\u010du, 3 unu\u010deta i 2 praunu\u010deta i svi su u inostranstvu.<\/span><\/font><\/p>\n<div align=\"center\"><img loading=\"lazy\" decoding=\"async\" width=\"420\" height=\"315\" align=\"middle\" src=\"\/UserFiles\/Image\/Jun2007vesti\/zajednicki-snimak.jpg\" alt=\"\" \/><\/div>\n<p align=\"justify\" class=\"MsoNormal\"><font size=\"2\"><span style=\"font-family: Arial;\"><o:p><\/o:p><\/span><\/font><\/p>\n<div align=\"justify\">  <\/div>\n<p align=\"justify\" class=\"MsoNormal\"><font size=\"2\"><span style=\"font-family: Arial;\">Unuka je bila najve\u0107i zagovornik da obele\u017eimo dijamantsku svadbu. Si\u010dovi su se ponovo ven\u010dali u crkvi, a rodbina, prijatelji i kom\u0161ije su se okupili i proslavili sa slavljenicima ovaj lep jubilej.<o:p><\/o:p><\/span><\/font><\/p>\n<div align=\"justify\">  <font size=\"2\"><span style=\"font-size: 10pt; font-family: Arial;\">Iako u godinama, Si\u010dovi imaju prekrasno dvori\u0161te sa predivnim cve\u0107em koje sami odr\u017eavaju.<\/p>\n<p><\/span><\/font><\/p>\n<div align=\"center\"><font size=\"2\"><span style=\"font-size: 10pt; font-family: Arial;\"><img loading=\"lazy\" decoding=\"async\" width=\"420\" height=\"315\" align=\"middle\" src=\"\/UserFiles\/Image\/Jun2007vesti\/Sicovi-u-dvoristu-kuce.jpg\" alt=\"\" \/><\/span><\/font><font size=\"2\"><span style=\"font-size: 10pt; font-family: Arial;\"><\/span><\/font><\/div>\n<\/div>\n<p><strong>Autor:<\/strong> Du\u0161anka Buva\u010d<br \/>\n<strong>Datum:<\/strong> 04, 06, 2007.<\/p>\n","protected":false},"excerpt":{"rendered":"<p>Posle dvogodi\u0161njeg zabavljanja, Piro\u0161ka i Ferenc Si\u010d, ven\u010dali su se na Duhove 1947. godine.<\/p>\n","protected":false},"author":1,"featured_media":0,"comment_status":"open","ping_status":"open","sticky":false,"template":"","format":"standard","meta":{"footnotes":""},"categories":[1],"tags":[],"class_list":["post-10527","post","type-post","status-publish","format-standard","hentry","category-nekategorizovano"],"_links":{"self":[{"href":"https:\/\/ravnica.info\/arhiva\/index.php?rest_route=\/wp\/v2\/posts\/10527","targetHints":{"allow":["GET"]}}],"collection":[{"href":"https:\/\/ravnica.info\/arhiva\/index.php?rest_route=\/wp\/v2\/posts"}],"about":[{"href":"https:\/\/ravnica.info\/arhiva\/index.php?rest_route=\/wp\/v2\/types\/post"}],"author":[{"embeddable":true,"href":"https:\/\/ravnica.info\/arhiva\/index.php?rest_route=\/wp\/v2\/users\/1"}],"replies":[{"embeddable":true,"href":"https:\/\/ravnica.info\/arhiva\/index.php?rest_route=%2Fwp%2Fv2%2Fcomments&post=10527"}],"version-history":[{"count":0,"href":"https:\/\/ravnica.info\/arhiva\/index.php?rest_route=\/wp\/v2\/posts\/10527\/revisions"}],"wp:attachment":[{"href":"https:\/\/ravnica.info\/arhiva\/index.php?rest_route=%2Fwp%2Fv2%2Fmedia&parent=10527"}],"wp:term":[{"taxonomy":"category","embeddable":true,"href":"https:\/\/ravnica.info\/arhiva\/index.php?rest_route=%2Fwp%2Fv2%2Fcategories&post=10527"},{"taxonomy":"post_tag","embeddable":true,"href":"https:\/\/ravnica.info\/arhiva\/index.php?rest_route=%2Fwp%2Fv2%2Ftags&post=10527"}],"curies":[{"name":"wp","href":"https:\/\/api.w.org\/{rel}","templated":true}]}}