{"id":10525,"date":"2007-06-03T00:00:00","date_gmt":"2007-06-02T22:00:00","guid":{"rendered":"http:\/\/localhost\/ravnica\/2007\/06\/03\/5-jun-dan-zastite-zivotne-sredine\/"},"modified":"2007-06-03T00:00:00","modified_gmt":"2007-06-02T22:00:00","slug":"5-jun-dan-zastite-zivotne-sredine","status":"publish","type":"post","link":"https:\/\/ravnica.info\/arhiva\/?p=10525","title":{"rendered":"5. jun &#8211; Dan za\u0161tite \u017eivotne sredine"},"content":{"rendered":"<p style=\"text-align: justify;\"><strong>U utorak, 5. juna, Ekolo\u0161ko dru\u0161tvo Gorocvet iz Titela obele\u017ei\u0107e ovaj va\u017ean ekolo\u0161ki datum koji se obele\u017eava u celom svetu.<\/strong><\/p>\n<p><!--more--><\/p>\n<div align=\"justify\"><font size=\"2\" face=\"Arial\"><span class=\"postbody\"><img loading=\"lazy\" decoding=\"async\" width=\"202\" height=\"292\" align=\"left\" src=\"\/UserFiles\/Image\/Jun2007vesti\/ekologija.jpg\" alt=\"\" \/>\u00a0\u00a0\u00a0\u00a0\u00a0\u00a0\u00a0 Oko 11h \u0107e \u010dlanovi ovog dru\u0161tva i \u0111aci iz Osnovne \u0161kole razgovarati sa sugra\u0111anima o klimatskim promenama (ovo je tema koju smo uzeli kao glavnu za ovo de\u0161avanje), i pri\u010dati kako pojedinac mo\u017ee da uti\u010de na pobolj\u0161anje \u017eivota na planeti. Tog dana zapo\u010dinjemo i akciju sakupljanja plastike. U ve\u010dernjim satima, ta\u010dnije u 20 \u010dasova \u0107emo emitovati Oskarom nagra\u0111en film &#8222;Neprijatna istina&#8220;, Al Gora, koji razmatra problem klimatskih promena na planeti i kako spre\u010diti op\u0161ti kolaps. Film \u0107e biti emitovan na Tisi, kod spomenika. Do\u0111ite u \u0161to ve\u0107em broju. Film je fenomenalan, mo\u017ee svako da ga razume i da se trgne kada shvati kakve nas stvari o\u010dekuju ako ne povedemo ra\u010duna o svojim postupcima. Nije nau\u010dno-fantasti\u010dni, skroz je realan.<br \/>\n\u00a0\u00a0\u00a0\u00a0\u00a0\u00a0\u00a0 U sklopu obele\u017eavanja Dana planete zemlje, pre projekcije filma Al Gora, bi\u0107e predstavljene fotografije dvori\u0161ta i balkona koje su do sada prispele na Konkurs za izbor najlep\u0161e ba\u0161te i balkona. Do sada se na konkurs javilo ukupno \u0161estoro u\u010desnika, a nadamo se da \u0107e do zav\u0161etka konkursa koji je produ\u017een do 15. juna 2007. godine prispeti fotografije jo\u0161 nekog dvori\u0161ta ili balkona.<br \/>\n\u00a0\u00a0\u00a0\u00a0\u00a0\u00a0\u00a0 U me\u0111uvremenu iste fotografije mo\u017eete pogledati u <a href=\"http:\/\/galerija.ravnica.net\/index.php?cat=6\">Galeriji Ravnice<\/a>.<\/span><\/font><\/div>\n<p><strong>Autor:<\/strong> Jelena Sovilj<br \/>\n<strong>Datum:<\/strong> 03, 06, 2007.<\/p>\n","protected":false},"excerpt":{"rendered":"<p>U utorak, 5. juna, Ekolo\u0161ko dru\u0161tvo Gorocvet iz Titela obele\u017ei\u0107e ovaj va\u017ean ekolo\u0161ki datum koji se obele\u017eava u celom svetu.<\/p>\n","protected":false},"author":1,"featured_media":0,"comment_status":"open","ping_status":"open","sticky":false,"template":"","format":"standard","meta":{"footnotes":""},"categories":[1],"tags":[],"class_list":["post-10525","post","type-post","status-publish","format-standard","hentry","category-nekategorizovano"],"_links":{"self":[{"href":"https:\/\/ravnica.info\/arhiva\/index.php?rest_route=\/wp\/v2\/posts\/10525","targetHints":{"allow":["GET"]}}],"collection":[{"href":"https:\/\/ravnica.info\/arhiva\/index.php?rest_route=\/wp\/v2\/posts"}],"about":[{"href":"https:\/\/ravnica.info\/arhiva\/index.php?rest_route=\/wp\/v2\/types\/post"}],"author":[{"embeddable":true,"href":"https:\/\/ravnica.info\/arhiva\/index.php?rest_route=\/wp\/v2\/users\/1"}],"replies":[{"embeddable":true,"href":"https:\/\/ravnica.info\/arhiva\/index.php?rest_route=%2Fwp%2Fv2%2Fcomments&post=10525"}],"version-history":[{"count":0,"href":"https:\/\/ravnica.info\/arhiva\/index.php?rest_route=\/wp\/v2\/posts\/10525\/revisions"}],"wp:attachment":[{"href":"https:\/\/ravnica.info\/arhiva\/index.php?rest_route=%2Fwp%2Fv2%2Fmedia&parent=10525"}],"wp:term":[{"taxonomy":"category","embeddable":true,"href":"https:\/\/ravnica.info\/arhiva\/index.php?rest_route=%2Fwp%2Fv2%2Fcategories&post=10525"},{"taxonomy":"post_tag","embeddable":true,"href":"https:\/\/ravnica.info\/arhiva\/index.php?rest_route=%2Fwp%2Fv2%2Ftags&post=10525"}],"curies":[{"name":"wp","href":"https:\/\/api.w.org\/{rel}","templated":true}]}}