{"id":10523,"date":"2007-06-02T00:00:00","date_gmt":"2007-06-01T22:00:00","guid":{"rendered":"http:\/\/localhost\/ravnica\/2007\/06\/02\/hendikep-ne-postoji-postoje-samo-razlicitosti\/"},"modified":"2007-06-02T00:00:00","modified_gmt":"2007-06-01T22:00:00","slug":"hendikep-ne-postoji-postoje-samo-razlicitosti","status":"publish","type":"post","link":"https:\/\/ravnica.info\/arhiva\/?p=10523","title":{"rendered":"Hendikep ne postoji, postoje samo razli\u010ditosti"},"content":{"rendered":"<p style=\"text-align: justify;\"><strong>Budu\u0107nost jednakosti<\/strong><\/p>\n<p><!--more--><\/p>\n<p align=\"justify\" class=\"MsoNormal\"><font size=\"2\"><span style=\"font-size: 10pt; font-family: Arial;\"><img loading=\"lazy\" decoding=\"async\" width=\"200\" height=\"200\" align=\"left\" alt=\"\" src=\"\/UserFiles\/Image\/Jun2007vesti\/atelje-sv-trifun-logo.gif\" \/>\u00a0\u00a0\u00a0\u00a0\u00a0\u00a0\u00a0 DOO Atelje sveti Trifun \u2013 mu\u010denik, sa pravom nosi svoje ime.<o:p><\/o:p><\/span><\/font><\/p>\n<div align=\"justify\">  <\/div>\n<p align=\"justify\" class=\"MsoNormal\"><font size=\"2\"><span style=\"font-size: 10pt; font-family: Arial;\">\u00a0\u00a0\u00a0\u00a0\u00a0\u00a0\u00a0 Nastao mukotrpnim radom i udru\u017eivanjem dve supru\u017eni\u010dke firme SZR Atelje Budi\u0161a i STR Solarov promet, optere\u0107en kreditima stranih banaka i dalje ne odustaje i nada se ostvarenju svog cilja.<o:p><\/o:p><\/span><\/font><\/p>\n<div align=\"justify\">  <\/div>\n<p align=\"justify\" class=\"MsoNormal\"><font size=\"2\"><span style=\"font-size: 10pt; font-family: Arial;\">\u00a0\u00a0\u00a0\u00a0\u00a0\u00a0\u00a0 Cilj nastajanja Ateljea sveti Trifun je edukacioni centar za hendikepiranu i nehendikepiranu decu, talentovanu za drvorezbarstvo \u2013 duborez, slikarstvo, tapetariju, stolarstvo tradicionalnim metodama. Tra\u017eimo talente iz Srbije, kao i ostalih zemalja okru\u017eenja pa i dalje. Posle pedesetak godina majstora Sotera to bi bila druga ozbiljna duboreza\u010dka \u0161kola u Vojvodini. <\/span><\/font><font size=\"2\"><span style=\"font-size: 10pt; font-family: Arial;\"><\/span><\/font><font size=\"2\"><span style=\"font-size: 10pt; font-family: Arial;\">Nadamo se, da bi uz pomo\u0107 Srednje tehni\u010dke \u0161kole \u201eMileva Mari\u0107\u201c iz Titela, deci moglo da se pru\u017ei posle osnovnog i srednje (III i IV stepen) obrazovanje. Sama su\u0161tina nastajanja preduze\u0107a je razvijanje jednakosti, uzajamnog po\u0161tovanja, podr\u0161ke, tolerancije i ljubavi. Iz same su\u0161tine rodila se \u017eelja da osposobimo decu da svojim radom i ume\u0107em obezbede sopstvenu egzistenciju, kako sami tako i u zajednici jednakih, stalnom postavkom i prodajom svojih radova i obaveznim organizovanjem izlo\u017ebi, kako u Srbiji, tako i u inostranstvu. <\/span><\/font><font size=\"2\"><span style=\"font-size: 10pt; font-family: Arial;\"><img loading=\"lazy\" decoding=\"async\" width=\"300\" height=\"300\" align=\"right\" alt=\"\" src=\"\/UserFiles\/Image\/Jun2007vesti\/11-kabinet.gif\" \/><\/span><\/font><font size=\"2\"><span style=\"font-size: 10pt; font-family: Arial;\">Prihodi od de\u010dijih radova idu isklju\u010divo za njihove potrebe. Deca bi sama radila svoje projekte u toku edukacije, sa obaveznom novinarskom sekcijom i elektronskim medijima (Internet, radio\u2026) kako bi deca Srbije, Evrope i sveta dobijala pravu sliku i informaciju o radovima na\u0161e \u0161kole. Za decu distrofi\u010dare, gluvoneme ili sa bilo kojim drugim invaliditetom ne\u0107e biti granica sa drugom decom koja nemaju tu vrstu problematike. \u017delimo jednostavno uspostavljanje ravnote\u017ee i me\u0111usobne tolerancije.<o:p><\/o:p><\/span><\/font><\/p>\n<div align=\"justify\">  <\/div>\n<p align=\"justify\" class=\"MsoNormal\"><font size=\"2\"><span style=\"font-size: 10pt; font-family: Arial;\">\u00a0\u00a0\u00a0\u00a0\u00a0\u00a0\u00a0 Vlasnik Ateljea, Sima Budi\u0161a je duborezac, naivac i iza sebe ima mnogo vitalnih radova o kojima je pisano dosta u dnevnoj \u0161tampi. Njegove recenze dose\u017eu do Republi\u010dkog zavoda za za\u0161titu i kulturu spomenika u Beogradu, kao i mnogi drugi radovi u sopstvenoj re\u017eiji.<o:p><\/o:p><\/span><\/font><\/p>\n<div align=\"justify\">  <\/div>\n<p align=\"justify\" class=\"MsoNormal\"><font size=\"2\"><span style=\"font-size: 10pt; font-family: Arial;\">\u00a0\u00a0\u00a0\u00a0\u00a0\u00a0\u00a0 Ovim putem molimo Vladu Republike Srbije da nas pomogne ili uputi na pravo mesto podr\u0161ke kako bismo ideju za koju mislimo da je od nacionalnog zna\u010daja realizovali.<o:p><\/o:p><\/span><\/font><\/p>\n<div align=\"justify\">  <\/div>\n<p align=\"justify\" class=\"MsoNormal\"><font size=\"2\"><span style=\"font-size: 10pt; font-family: Arial;\"><o:p>\u00a0<\/o:p><\/span><\/font><\/p>\n<div align=\"justify\">  <\/div>\n<p align=\"justify\" style=\"text-align: right;\" class=\"MsoNormal\"><font size=\"2\"><span style=\"font-size: 10pt; font-family: Arial;\">DOO Atelje sveti Trifun Titel<o:p><\/o:p><\/span><\/font><\/p>\n<div align=\"justify\">  <\/div>\n<p align=\"justify\" style=\"text-align: right;\" class=\"MsoNormal\"><font size=\"2\"><span style=\"font-size: 10pt; font-family: Arial;\">Glavna 122, 21240 Titel<o:p><\/o:p><\/span><\/font><\/p>\n<div align=\"justify\">  <\/div>\n<p align=\"justify\" style=\"text-align: right;\" class=\"MsoNormal\"><font size=\"2\"><span style=\"font-size: 10pt; font-family: Arial;\">Tel. \u2013 faks: 021\/861-771<o:p><\/o:p><\/span><\/font><\/p>\n<div align=\"justify\">  <\/div>\n<p align=\"justify\" style=\"text-align: right;\" class=\"MsoNormal\"><font size=\"2\"><span style=\"font-size: 10pt; font-family: Arial;\"><a href=\"mailto:budisa@neobee.net\">budisa<span lang=\"EN-US\" style=\"\">@neobee.net<\/span><\/a><\/span><span lang=\"EN-US\" style=\"font-size: 10pt; font-family: Arial;\"><o:p><\/o:p><\/span><\/font><\/p>\n<div align=\"justify\">  <\/div>\n<p align=\"justify\" style=\"text-align: right;\" class=\"MsoNormal\"><font size=\"2\"><span lang=\"EN-US\" style=\"font-size: 10pt; font-family: Arial;\"><a href=\"http:\/\/www.ateljebudisa.co.yu\/\">www.ateljebudisa.co.yu<\/a><o:p><\/o:p><\/span><\/font><\/p>\n<div align=\"justify\">  <\/div>\n<div align=\"justify\">  <\/div>\n<p align=\"justify\" style=\"text-align: right;\" class=\"MsoNormal\"><font size=\"2\"><span lang=\"EN-US\" style=\"font-size: 10pt; font-family: Arial;\">Vukica Budi<\/span><span style=\"font-size: 10pt; font-family: Arial;\">\u0161a <br \/>\n<\/span><\/font><font size=\"2\"><span style=\"font-size: 10pt; font-family: Arial;\">Izvr\u0161ni direktor <\/span><\/font><\/p>\n<p><strong>Autor:<\/strong> Vukica Budi\u0161a<br \/>\n<strong>Datum:<\/strong> 02, 06, 2007.<\/p>\n","protected":false},"excerpt":{"rendered":"<p>Budu\u0107nost jednakosti<\/p>\n","protected":false},"author":1,"featured_media":0,"comment_status":"open","ping_status":"open","sticky":false,"template":"","format":"standard","meta":{"footnotes":""},"categories":[1],"tags":[],"class_list":["post-10523","post","type-post","status-publish","format-standard","hentry","category-nekategorizovano"],"_links":{"self":[{"href":"https:\/\/ravnica.info\/arhiva\/index.php?rest_route=\/wp\/v2\/posts\/10523","targetHints":{"allow":["GET"]}}],"collection":[{"href":"https:\/\/ravnica.info\/arhiva\/index.php?rest_route=\/wp\/v2\/posts"}],"about":[{"href":"https:\/\/ravnica.info\/arhiva\/index.php?rest_route=\/wp\/v2\/types\/post"}],"author":[{"embeddable":true,"href":"https:\/\/ravnica.info\/arhiva\/index.php?rest_route=\/wp\/v2\/users\/1"}],"replies":[{"embeddable":true,"href":"https:\/\/ravnica.info\/arhiva\/index.php?rest_route=%2Fwp%2Fv2%2Fcomments&post=10523"}],"version-history":[{"count":0,"href":"https:\/\/ravnica.info\/arhiva\/index.php?rest_route=\/wp\/v2\/posts\/10523\/revisions"}],"wp:attachment":[{"href":"https:\/\/ravnica.info\/arhiva\/index.php?rest_route=%2Fwp%2Fv2%2Fmedia&parent=10523"}],"wp:term":[{"taxonomy":"category","embeddable":true,"href":"https:\/\/ravnica.info\/arhiva\/index.php?rest_route=%2Fwp%2Fv2%2Fcategories&post=10523"},{"taxonomy":"post_tag","embeddable":true,"href":"https:\/\/ravnica.info\/arhiva\/index.php?rest_route=%2Fwp%2Fv2%2Ftags&post=10523"}],"curies":[{"name":"wp","href":"https:\/\/api.w.org\/{rel}","templated":true}]}}