{"id":10446,"date":"2007-09-04T00:00:00","date_gmt":"2007-09-03T22:00:00","guid":{"rendered":"http:\/\/localhost\/ravnica\/2007\/09\/04\/svadbeni-obicaji-i-u-zrenjaninu\/"},"modified":"2007-09-04T00:00:00","modified_gmt":"2007-09-03T22:00:00","slug":"svadbeni-obicaji-i-u-zrenjaninu","status":"publish","type":"post","link":"https:\/\/ravnica.info\/arhiva\/?p=10446","title":{"rendered":"Svadbeni obi\u010daji i u Zrenjaninu"},"content":{"rendered":"<p style=\"text-align: justify;\"><strong>KUD \u201eJovan Popovi\u0107\u201c iz Titela sa Svadbenim obi\u010dajima iz Titela predstavio se i zrenjaninskoj publici.<\/strong><\/p>\n<p><!--more--><\/p>\n<p align=\"justify\" class=\"MsoNormal\"><font size=\"2\"><span style=\"font-family: Arial;\"><img loading=\"lazy\" decoding=\"async\" width=\"250\" height=\"329\" align=\"right\" alt=\"\" src=\"\/UserFiles\/Image\/Septembar2007vesti\/KUD-svadba.jpg\" \/>\u00a0\u00a0\u00a0\u00a0\u00a0\u00a0\u00a0 KUD \u201eVeseli Bana\u0107ani\u201c organizovao je sa kulturnim centrom po tre\u0107i put Me\u0111unarodni festival svadbenih obi\u010daja pod nazivom \u201eFeso\u201c. Me\u0111u desetak dru\u0161tava iz na\u0161e zemlje predstavili su se i Titeljani sa svadbenim obi\u010dajima, a cilj manifestacije je da se sa\u010duvaju od zaborava tradicija i obi\u010daji.<br \/>\n\u00a0\u00a0\u00a0\u00a0\u00a0\u00a0\u00a0 Svetlana Savi\u0107, sekretar Dru\u0161tva, ka\u017ee da \u0107e \u010dlanovi KUD-a nastupiti 22. septembra u \u0160ajka\u0161u na poziv KUD-a \u201e\u0160ajka\u0161\u201c.<o:p><\/o:p><\/span><\/font><\/p>\n<p><strong>Autor:<\/strong> Du\u0161anka Buva\u010d<br \/>\n<strong>Datum:<\/strong> 04, 09, 2007.<\/p>\n","protected":false},"excerpt":{"rendered":"<p>KUD \u201eJovan Popovi\u0107\u201c iz Titela sa Svadbenim obi\u010dajima iz Titela predstavio se i zrenjaninskoj publici.<\/p>\n","protected":false},"author":1,"featured_media":0,"comment_status":"open","ping_status":"open","sticky":false,"template":"","format":"standard","meta":{"footnotes":""},"categories":[1],"tags":[],"class_list":["post-10446","post","type-post","status-publish","format-standard","hentry","category-nekategorizovano"],"_links":{"self":[{"href":"https:\/\/ravnica.info\/arhiva\/index.php?rest_route=\/wp\/v2\/posts\/10446","targetHints":{"allow":["GET"]}}],"collection":[{"href":"https:\/\/ravnica.info\/arhiva\/index.php?rest_route=\/wp\/v2\/posts"}],"about":[{"href":"https:\/\/ravnica.info\/arhiva\/index.php?rest_route=\/wp\/v2\/types\/post"}],"author":[{"embeddable":true,"href":"https:\/\/ravnica.info\/arhiva\/index.php?rest_route=\/wp\/v2\/users\/1"}],"replies":[{"embeddable":true,"href":"https:\/\/ravnica.info\/arhiva\/index.php?rest_route=%2Fwp%2Fv2%2Fcomments&post=10446"}],"version-history":[{"count":0,"href":"https:\/\/ravnica.info\/arhiva\/index.php?rest_route=\/wp\/v2\/posts\/10446\/revisions"}],"wp:attachment":[{"href":"https:\/\/ravnica.info\/arhiva\/index.php?rest_route=%2Fwp%2Fv2%2Fmedia&parent=10446"}],"wp:term":[{"taxonomy":"category","embeddable":true,"href":"https:\/\/ravnica.info\/arhiva\/index.php?rest_route=%2Fwp%2Fv2%2Fcategories&post=10446"},{"taxonomy":"post_tag","embeddable":true,"href":"https:\/\/ravnica.info\/arhiva\/index.php?rest_route=%2Fwp%2Fv2%2Ftags&post=10446"}],"curies":[{"name":"wp","href":"https:\/\/api.w.org\/{rel}","templated":true}]}}