{"id":10300,"date":"2007-09-04T00:00:00","date_gmt":"2007-09-03T22:00:00","guid":{"rendered":"http:\/\/localhost\/ravnica\/2007\/09\/04\/svetom-rafailu-u-cast\/"},"modified":"2007-09-04T00:00:00","modified_gmt":"2007-09-03T22:00:00","slug":"svetom-rafailu-u-cast","status":"publish","type":"post","link":"https:\/\/ravnica.info\/arhiva\/?p=10300","title":{"rendered":"Svetom Rafailu u \u010dast"},"content":{"rendered":"<p style=\"text-align: justify;\"><strong>Izlo\u017eba radova slikara \u0160ajka\u0161ke u Kovilju<\/strong><\/p>\n<p><!--more--><\/p>\n<div align=\"justify\">  <\/div>\n<div align=\"center\"><font size=\"2\"><span style=\"font-size: 10pt; font-family: Arial;\"><img loading=\"lazy\" decoding=\"async\" width=\"450\" height=\"338\" align=\"middle\" src=\"\/UserFiles\/Image\/Septembar2007vesti\/Bosko-Brzic.jpg\" alt=\"\" \/><br \/>\n<\/span><\/font><\/div>\n<p align=\"justify\" class=\"MsoNormal\" style=\"text-align: justify;\"><font size=\"2\"><span style=\"font-size: 10pt; font-family: Arial;\">\u00a0\u00a0\u00a0\u00a0\u00a0\u00a0\u00a0 U organizaciji Udru\u017eenja penzionera i Dru\u0161tva &#8220;\u0160ajka\u0161ka&#8220; u Domu penzionera u Kovilju je 3. septembra odr\u017eana izlo\u017eba slika u znak se\u0107anja na Svetog Rafaila \u0160i\u0161atova\u010dkog, ba\u0161 na 66. godi\u0161njicu njegovog stradanja od usta\u0161ke kame u logoru u Slavonskoj Po\u017eegi. Slikari \u0160ajka\u0161ke izlo\u017eili su dvadesetak radova koje su stvorili na nedavnoj likovnoj koloniji u Titelu.<br \/>\n<span style=\"\">\u00a0\u00a0\u00a0\u00a0\u00a0\u00a0\u00a0\u00a0\u00a0 <\/span>O \u017eivotu i delu Svetog Rafaila prisutnima je govorio mr Bo\u0161ko Brzi\u0107, istakav\u0161i da je prepodobni Rafailo bio veliki slikar koji je najplodniji deo svoga stvarala\u010dkog rada ostvario u koviljskom manastiru u kome je boravio \u010detvrt veka. Izlo\u017ebu je otvorio Nikola Nedi\u0107, predsednik Udru\u017eenja penzionera iz Kovilja.<\/span><\/font><\/p>\n<div align=\"center\"><font size=\"2\"><span style=\"font-size: 10pt; font-family: Arial;\"><img loading=\"lazy\" decoding=\"async\" width=\"450\" height=\"338\" align=\"middle\" src=\"\/UserFiles\/Image\/Septembar2007vesti\/Izlozba.jpg\" alt=\"\" \/><\/span><\/font><\/div>\n<p align=\"justify\" class=\"MsoNormal\" style=\"text-align: justify;\"><font size=\"2\"><span style=\"font-size: 10pt; font-family: Arial;\">\u00a0<\/span><\/font><font size=\"2\"><span style=\"font-size: 10pt; font-family: Arial;\"><span style=\"\">\u00a0\u00a0\u00a0\u00a0\u00a0\u00a0\u00a0\u00a0\u00a0 <\/span>Kako uz lepe slike uvek ide poezija i dobra muzika, pobrinuli su se prisutni pesnici i tambura\u0161i, koji su pesmom i svirkom zabavljali brojnu publiku. Svoje stihove su govorili Ljubomir Kazimir i Dragoslav Kolarov iz Kovilja, te Velinka Jani\u0107 Karanovi\u0107 i Mirko \u017digi\u0107 iz Gardinovaca. Jovanka Bekvalac i Gojko Todorovi\u0107 su izveli komi\u010dni dijalog &#8220;\u017denidba&#8220;. Na kraju je sve zavr\u0161ilo pesmom tambura\u0161a, \u010dlanova Koviljskog kulturnog kruga.<\/span><\/font><\/p>\n<p><strong>Autor:<\/strong> Nikola D. Turajli\u0107<br \/>\n<strong>Datum:<\/strong> 04, 09, 2007.<\/p>\n","protected":false},"excerpt":{"rendered":"<p>Izlo\u017eba radova slikara \u0160ajka\u0161ke u Kovilju<\/p>\n","protected":false},"author":1,"featured_media":0,"comment_status":"open","ping_status":"open","sticky":false,"template":"","format":"standard","meta":{"footnotes":""},"categories":[1],"tags":[],"class_list":["post-10300","post","type-post","status-publish","format-standard","hentry","category-nekategorizovano"],"_links":{"self":[{"href":"https:\/\/ravnica.info\/arhiva\/index.php?rest_route=\/wp\/v2\/posts\/10300","targetHints":{"allow":["GET"]}}],"collection":[{"href":"https:\/\/ravnica.info\/arhiva\/index.php?rest_route=\/wp\/v2\/posts"}],"about":[{"href":"https:\/\/ravnica.info\/arhiva\/index.php?rest_route=\/wp\/v2\/types\/post"}],"author":[{"embeddable":true,"href":"https:\/\/ravnica.info\/arhiva\/index.php?rest_route=\/wp\/v2\/users\/1"}],"replies":[{"embeddable":true,"href":"https:\/\/ravnica.info\/arhiva\/index.php?rest_route=%2Fwp%2Fv2%2Fcomments&post=10300"}],"version-history":[{"count":0,"href":"https:\/\/ravnica.info\/arhiva\/index.php?rest_route=\/wp\/v2\/posts\/10300\/revisions"}],"wp:attachment":[{"href":"https:\/\/ravnica.info\/arhiva\/index.php?rest_route=%2Fwp%2Fv2%2Fmedia&parent=10300"}],"wp:term":[{"taxonomy":"category","embeddable":true,"href":"https:\/\/ravnica.info\/arhiva\/index.php?rest_route=%2Fwp%2Fv2%2Fcategories&post=10300"},{"taxonomy":"post_tag","embeddable":true,"href":"https:\/\/ravnica.info\/arhiva\/index.php?rest_route=%2Fwp%2Fv2%2Ftags&post=10300"}],"curies":[{"name":"wp","href":"https:\/\/api.w.org\/{rel}","templated":true}]}}